{"id":813,"date":"2023-10-13T10:01:30","date_gmt":"2023-10-13T08:01:30","guid":{"rendered":"https:\/\/www.demokratie-leben-in-der-suedwestpfalz.de\/?p=813"},"modified":"2023-10-26T08:58:13","modified_gmt":"2023-10-26T06:58:13","slug":"aufruf-zur-antragstellung-auf-foerderung-von-projekten-in-2024","status":"publish","type":"post","link":"https:\/\/www.demokratie-leben-in-der-suedwestpfalz.de\/index.php\/2023\/10\/13\/aufruf-zur-antragstellung-auf-foerderung-von-projekten-in-2024\/","title":{"rendered":"Aufruf zur Antragstellung auf F\u00f6rderung von Projekten in 2024"},"content":{"rendered":"\n<h4 class=\"wp-block-heading\">Jetzt Antr\u00e4ge auf F\u00f6rderung von Projekten in 2024 stellen bei der Partnerschaft f\u00fcr<br>Demokratie S\u00fcdwestpfalz im Rahmen des Bundesprogramms \u201aDemokratie leben!\u2018<\/h4>\n\n\n\n<p>In 2024 k\u00f6nnen im Rahmen der Partnerschaft f\u00fcr Demokratie S\u00fcdwestpfalz und des Bundesprogramms \u201aDemokratie leben!\u2018 weitere Projekte gef\u00f6rdert werden. Die Partnerschaft f\u00fcr Demokratie S\u00fcdwestpfalz ruft Interessierte auf, ihre Projektantr\u00e4ge bis zum 31.10.2023 einzureichen. Der Begleitausschuss wird bereits in seiner n\u00e4chsten Sitzung am 28.11.2023 \u00fcber die F\u00f6rderung der eingereichten Antr\u00e4ge entscheiden.<\/p>\n\n\n\n<p>M\u00f6glich sind Projekte in den Bereichen Demokratief\u00f6rderung und Demokratieerziehung oder Gestaltung von gesellschaftlicher Vielfalt sowie zur Extremismus-Pr\u00e4vention &#8211; aber auch Informationsveranstaltungen und Seminare zu den Themenbereichen sowie Projekttage oder -wochen an Schulen oder in Kitas und vieles mehr.<\/p>\n\n\n\n<p>Institutionen, die Interesse an der Durchf\u00fchrung eines Einzelprojektes haben, erhalten weitere Informationen auf der Homepage der Partnerschaft f\u00fcr Demokratie S\u00fcdwestpfalz <a href=\"https:\/\/www.demokratie-leben-in-der-suedwestpfalz.de\">www.demokratie-leben-in-der-suedwestpfalz.de<\/a> sowie von Marika Keller bei der Fach- und Koordinierungsstelle der Partnerschaft f\u00fcr Demokratie S\u00fcdwestpfalz per E-Mail an<br><a href=\"mailto:m.keller.kvhs@gmx.de\">m.keller.kvhs@gmx.de<\/a> oder unter <a href=\"tel:0152-28937883\">0152-28937883<\/a> telefonisch.<\/p>\n\n\n\n<p>Kontakt ,Demokratie leben!\u2018 Partnerschaft f\u00fcr Demokratie S\u00fcdwestpfalz<br>Marika Keller, Fach- und Koordinierungsstelle, Kreisvolkshochschule S\u00fcdwestpfalz e.V.<br>Tel.: <a href=\"tel:0152-28937883\">0152-28937883<\/a> &#8211; Mail: <a href=\"mailto:m.keller.kvhs@gmx.de\">m.keller.kvhs@gmx.de<\/a><\/p>\n\n\n\n<p><a href=\"https:\/\/www.demokratie-leben.de\" target=\"_blank\" rel=\"noreferrer noopener\">www.demokratie-leben.de<\/a><\/p>\n","protected":false},"excerpt":{"rendered":"<p>Jetzt Antr\u00e4ge auf F\u00f6rderung von Projekten in 2024 stellen bei der Partnerschaft f\u00fcrDemokratie S\u00fcdwestpfalz im Rahmen des Bundesprogramms \u201aDemokratie leben!\u2018 In 2024 k\u00f6nnen im Rahmen &hellip; <\/p>\n","protected":false},"author":1,"featured_media":814,"comment_status":"closed","ping_status":"closed","sticky":false,"template":"","format":"standard","meta":{"ngg_post_thumbnail":0,"footnotes":""},"categories":[22],"tags":[],"class_list":["post-813","post","type-post","status-publish","format-standard","has-post-thumbnail","hentry","category-einblick-2023"],"_links":{"self":[{"href":"https:\/\/www.demokratie-leben-in-der-suedwestpfalz.de\/index.php\/wp-json\/wp\/v2\/posts\/813","targetHints":{"allow":["GET"]}}],"collection":[{"href":"https:\/\/www.demokratie-leben-in-der-suedwestpfalz.de\/index.php\/wp-json\/wp\/v2\/posts"}],"about":[{"href":"https:\/\/www.demokratie-leben-in-der-suedwestpfalz.de\/index.php\/wp-json\/wp\/v2\/types\/post"}],"author":[{"embeddable":true,"href":"https:\/\/www.demokratie-leben-in-der-suedwestpfalz.de\/index.php\/wp-json\/wp\/v2\/users\/1"}],"replies":[{"embeddable":true,"href":"https:\/\/www.demokratie-leben-in-der-suedwestpfalz.de\/index.php\/wp-json\/wp\/v2\/comments?post=813"}],"version-history":[{"count":2,"href":"https:\/\/www.demokratie-leben-in-der-suedwestpfalz.de\/index.php\/wp-json\/wp\/v2\/posts\/813\/revisions"}],"predecessor-version":[{"id":825,"href":"https:\/\/www.demokratie-leben-in-der-suedwestpfalz.de\/index.php\/wp-json\/wp\/v2\/posts\/813\/revisions\/825"}],"wp:featuredmedia":[{"embeddable":true,"href":"https:\/\/www.demokratie-leben-in-der-suedwestpfalz.de\/index.php\/wp-json\/wp\/v2\/media\/814"}],"wp:attachment":[{"href":"https:\/\/www.demokratie-leben-in-der-suedwestpfalz.de\/index.php\/wp-json\/wp\/v2\/media?parent=813"}],"wp:term":[{"taxonomy":"category","embeddable":true,"href":"https:\/\/www.demokratie-leben-in-der-suedwestpfalz.de\/index.php\/wp-json\/wp\/v2\/categories?post=813"},{"taxonomy":"post_tag","embeddable":true,"href":"https:\/\/www.demokratie-leben-in-der-suedwestpfalz.de\/index.php\/wp-json\/wp\/v2\/tags?post=813"}],"curies":[{"name":"wp","href":"https:\/\/api.w.org\/{rel}","templated":true}]}}