{"id":351,"date":"2022-12-10T07:25:32","date_gmt":"2022-12-10T06:25:32","guid":{"rendered":"https:\/\/www.demokratie-leben-in-der-suedwestpfalz.de\/?p=351"},"modified":"2023-02-26T10:40:43","modified_gmt":"2023-02-26T09:40:43","slug":"die-kampagne-es-beginnt-mit-dir-wuerdigt-demokratisches-engagement","status":"publish","type":"post","link":"https:\/\/www.demokratie-leben-in-der-suedwestpfalz.de\/index.php\/2022\/12\/10\/die-kampagne-es-beginnt-mit-dir-wuerdigt-demokratisches-engagement\/","title":{"rendered":"Die Kampagne &#8222;Es beginnt mit dir.&#8220; w\u00fcrdigt demokratisches Engagement"},"content":{"rendered":"\n<p>Coronavirus-Pandemie, Krieg gegen die Ukraine, Energiekrise \u2013 wir leben in herausfordernden Zeiten. Gerade jetzt m\u00fcssen unsere demokratischen Werte besonders gesch\u00fctzt werden und zwar von m\u00f6glichst vielen. Denn Demokratie ist etwas, das wir nur gemeinsam leben, gestalten, pflegen, weiterentwickeln und sch\u00fctzen k\u00f6nnen. Mit der Kampagne \u201eEs beginnt mit dir.\u201c w\u00fcrdigt das Bundesministerium f\u00fcr Familie, Senioren, Frauen und Jugend das Engagement all derer, die sich f\u00fcr unsere Demokratie einsetzen. Zusammen mit Ihnen wollen wir im Rahmen der Kampagne wieder Menschen in ganz Deutschland dazu anregen, sich f\u00fcr die Demokratie einzusetzen: auf der Stra\u00dfe, vor Ort, im Job, im Netz oder im pers\u00f6nlichen Umfeld.<\/p>\n\n\n\n<p><a rel=\"noreferrer noopener\" href=\"https:\/\/www.demokratie-leben.de\/es-beginnt-mit-dir\" target=\"_blank\">https:\/\/www.demokratie-leben.de\/es-beginnt-mit-di<\/a><a rel=\"noreferrer noopener\" href=\"https:\/\/www.demokratie-leben.de\/es-beginnt-mit-dir\" target=\"_blank\">r<\/a><a rel=\"noreferrer noopener\" href=\"https:\/\/www.demokratie-leben.de\/es-beginnt-mit-dir\" target=\"_blank\"> <\/a><a rel=\"noreferrer noopener\" href=\"https:\/\/www.demokratie-leben.de\/es-beginnt-mit-dir\" target=\"_blank\">&gt;<\/a><a rel=\"noreferrer noopener\" href=\"https:\/\/www.demokratie-leben.de\/es-beginnt-mit-dir\" target=\"_blank\">&gt;<\/a><\/p>\n\n\n\nngg_shortcode_0_placeholder\n","protected":false},"excerpt":{"rendered":"<p>Coronavirus-Pandemie, Krieg gegen die Ukraine, Energiekrise \u2013 wir leben in herausfordernden Zeiten. Gerade jetzt m\u00fcssen unsere demokratischen Werte besonders gesch\u00fctzt werden und zwar von m\u00f6glichst &hellip; <\/p>\n","protected":false},"author":1,"featured_media":352,"comment_status":"closed","ping_status":"closed","sticky":false,"template":"","format":"standard","meta":{"ngg_post_thumbnail":0,"footnotes":""},"categories":[15],"tags":[],"class_list":["post-351","post","type-post","status-publish","format-standard","has-post-thumbnail","hentry","category-ausblick-2022"],"_links":{"self":[{"href":"https:\/\/www.demokratie-leben-in-der-suedwestpfalz.de\/index.php\/wp-json\/wp\/v2\/posts\/351","targetHints":{"allow":["GET"]}}],"collection":[{"href":"https:\/\/www.demokratie-leben-in-der-suedwestpfalz.de\/index.php\/wp-json\/wp\/v2\/posts"}],"about":[{"href":"https:\/\/www.demokratie-leben-in-der-suedwestpfalz.de\/index.php\/wp-json\/wp\/v2\/types\/post"}],"author":[{"embeddable":true,"href":"https:\/\/www.demokratie-leben-in-der-suedwestpfalz.de\/index.php\/wp-json\/wp\/v2\/users\/1"}],"replies":[{"embeddable":true,"href":"https:\/\/www.demokratie-leben-in-der-suedwestpfalz.de\/index.php\/wp-json\/wp\/v2\/comments?post=351"}],"version-history":[{"count":3,"href":"https:\/\/www.demokratie-leben-in-der-suedwestpfalz.de\/index.php\/wp-json\/wp\/v2\/posts\/351\/revisions"}],"predecessor-version":[{"id":383,"href":"https:\/\/www.demokratie-leben-in-der-suedwestpfalz.de\/index.php\/wp-json\/wp\/v2\/posts\/351\/revisions\/383"}],"wp:featuredmedia":[{"embeddable":true,"href":"https:\/\/www.demokratie-leben-in-der-suedwestpfalz.de\/index.php\/wp-json\/wp\/v2\/media\/352"}],"wp:attachment":[{"href":"https:\/\/www.demokratie-leben-in-der-suedwestpfalz.de\/index.php\/wp-json\/wp\/v2\/media?parent=351"}],"wp:term":[{"taxonomy":"category","embeddable":true,"href":"https:\/\/www.demokratie-leben-in-der-suedwestpfalz.de\/index.php\/wp-json\/wp\/v2\/categories?post=351"},{"taxonomy":"post_tag","embeddable":true,"href":"https:\/\/www.demokratie-leben-in-der-suedwestpfalz.de\/index.php\/wp-json\/wp\/v2\/tags?post=351"}],"curies":[{"name":"wp","href":"https:\/\/api.w.org\/{rel}","templated":true}]}}